{"id":3505,"date":"2025-11-17T13:47:05","date_gmt":"2025-11-17T12:47:05","guid":{"rendered":"https:\/\/enoughgenug.org\/?p=3505"},"modified":"2025-11-17T13:47:05","modified_gmt":"2025-11-17T12:47:05","slug":"literatur-unter-wert","status":"publish","type":"post","link":"https:\/\/enoughgenug.org\/de\/2025\/11\/17\/literatur-unter-wert\/","title":{"rendered":"Literatur: Unter Wert"},"content":{"rendered":"<h3>Emma Holten: Unter Wert<\/h3>\n<p>Warum Care-Arbeit seit Jahrhunderten nicht z\u00e4hlt.<\/p>\n<p>Emma Holten beschreibt jene Mechanismen, die daf\u00fcr gesorgt haben, dass meist von Frauen geleistete Care-Arbeit politisch und wirtschaftlich niemals von Bedeutung war. Dieses Buch\u00a0f\u00fchrt vor, was wir verlieren werden, wenn wir daran nichts \u00e4ndern.<br \/>\nFoto: Verlag<\/p>\n<p><a href=\"https:\/\/www.dtv.de\/buch\/unter-wert-28464\" target=\"_blank\" rel=\"noopener\">Link zur Verlagsseite (dtv)<\/a><\/p>\n","protected":false},"excerpt":{"rendered":"<p>Emma Holten: Unter Wert Warum Care-Arbeit seit Jahrhunderten nicht z\u00e4hlt. Emma Holten beschreibt jene Mechanismen, die daf\u00fcr gesorgt haben, dass meist von Frauen geleistete Care-Arbeit politisch und wirtschaftlich niemals von&hellip;<\/p>\n","protected":false},"author":267334153,"featured_media":3509,"comment_status":"closed","ping_status":"open","sticky":false,"template":"","format":"standard","meta":{"_crdt_document":"","advanced_seo_description":"","jetpack_seo_html_title":"","jetpack_seo_noindex":false,"_jetpack_newsletter_access":"","_jetpack_dont_email_post_to_subs":false,"_jetpack_newsletter_tier_id":0,"_jetpack_memberships_contains_paywalled_content":false,"_jetpack_memberships_contains_paid_content":false,"footnotes":"","jetpack_publicize_message":"","jetpack_publicize_feature_enabled":true,"jetpack_social_post_already_shared":true,"jetpack_social_options":{"image_generator_settings":{"template":"highway","default_image_id":0,"font":"","enabled":false},"version":2},"_wpas_customize_per_network":false,"jetpack_post_was_ever_published":false},"categories":[1547],"tags":[1548],"class_list":["post-3505","post","type-post","status-publish","format-standard","has-post-thumbnail","hentry","category-empfehlungen","tag-empfehlungen"],"jetpack_publicize_connections":[],"jetpack_featured_media_url":"https:\/\/i0.wp.com\/enoughgenug.org\/wp-content\/uploads\/2025\/11\/7b133adf-f3e8-4828-9f68-13c0abf12ac3.__CR001464600_PT0_SX1464_V1___.jpg?fit=1464%2C600&ssl=1","jetpack_likes_enabled":false,"jetpack_sharing_enabled":true,"jetpack_shortlink":"https:\/\/wp.me\/pgBszR-Ux","jetpack-related-posts":[{"id":3498,"url":"https:\/\/enoughgenug.org\/de\/2025\/11\/17\/podcast-liga-fuer-unbezahlte-arbeit\/","url_meta":{"origin":3505,"position":0},"title":"Podcast: Liga f\u00fcr unbezahlte Arbeit","author":"kayabeh","date":"17. November 2025","format":false,"excerpt":"#311 \"Liga f\u00fcr unbezahlte Arbeit\": Eine Gewerkschaft f\u00fcr\u00a0Eltern und famili\u00e4r Sorgende - kann das klappen? K\u00fcmmern, kochen, tr\u00f6sten: Obwohl sie die Gesellschaft am Laufen halten, sind Eltern, pflegende Angeh\u00f6rige und andere famili\u00e4r Sorgeverantwortliche von\u00a0vielf\u00e4ltigen Nachteilen betroffen. Um ihre Situation zu verbessern, haben Franzi Helms und Jo L\u00fccke Deutschlands erste Gewerkschaft\u2026","rel":"","context":"In &quot;Empfehlungen&quot;","block_context":{"text":"Empfehlungen","link":"https:\/\/enoughgenug.org\/de\/kategorie\/empfehlungen\/"},"img":{"alt_text":"","src":"https:\/\/i0.wp.com\/enoughgenug.org\/wp-content\/uploads\/2025\/11\/89e4da15-6cb6-45d1-8825-28b438a5f789-1.jpg?fit=1200%2C722&ssl=1&resize=350%2C200","width":350,"height":200,"srcset":"https:\/\/i0.wp.com\/enoughgenug.org\/wp-content\/uploads\/2025\/11\/89e4da15-6cb6-45d1-8825-28b438a5f789-1.jpg?fit=1200%2C722&ssl=1&resize=350%2C200 1x, https:\/\/i0.wp.com\/enoughgenug.org\/wp-content\/uploads\/2025\/11\/89e4da15-6cb6-45d1-8825-28b438a5f789-1.jpg?fit=1200%2C722&ssl=1&resize=525%2C300 1.5x, https:\/\/i0.wp.com\/enoughgenug.org\/wp-content\/uploads\/2025\/11\/89e4da15-6cb6-45d1-8825-28b438a5f789-1.jpg?fit=1200%2C722&ssl=1&resize=700%2C400 2x, https:\/\/i0.wp.com\/enoughgenug.org\/wp-content\/uploads\/2025\/11\/89e4da15-6cb6-45d1-8825-28b438a5f789-1.jpg?fit=1200%2C722&ssl=1&resize=1050%2C600 3x"},"classes":[]},{"id":3905,"url":"https:\/\/enoughgenug.org\/de\/2025\/12\/17\/brief-von-bahara\/","url_meta":{"origin":3505,"position":1},"title":"Ausruf! Brief von Bahara","author":"kayabeh","date":"17. Dezember 2025","format":false,"excerpt":"Im Moment k\u00f6nnen wir in Afghanistan leider keine Kampagnen starten oder protestieren, weil es zu gef\u00e4hrlich ist und Frauen ernsthaft gef\u00e4hrdet. \u00dcber GENUG! \u06a9\u0627\u0641\u06cc F\u00fcr mich bedeutet ENOUGH! die vereinte Stimme aller Frauen, die genug von Ungerechtigkeit haben. Wir haben GENUG! von Gewalt, Diskriminierung und davon, als weniger wert als\u2026","rel":"","context":"In &quot;Ausrufe!&quot;","block_context":{"text":"Ausrufe!","link":"https:\/\/enoughgenug.org\/de\/kategorie\/ausrufe\/"},"img":{"alt_text":"","src":"https:\/\/i0.wp.com\/enoughgenug.org\/wp-content\/uploads\/2025\/12\/wanman-uthmaniyyah-9pQmjr9C_DY-unsplash.jpg?fit=1200%2C801&ssl=1&resize=350%2C200","width":350,"height":200,"srcset":"https:\/\/i0.wp.com\/enoughgenug.org\/wp-content\/uploads\/2025\/12\/wanman-uthmaniyyah-9pQmjr9C_DY-unsplash.jpg?fit=1200%2C801&ssl=1&resize=350%2C200 1x, https:\/\/i0.wp.com\/enoughgenug.org\/wp-content\/uploads\/2025\/12\/wanman-uthmaniyyah-9pQmjr9C_DY-unsplash.jpg?fit=1200%2C801&ssl=1&resize=525%2C300 1.5x, https:\/\/i0.wp.com\/enoughgenug.org\/wp-content\/uploads\/2025\/12\/wanman-uthmaniyyah-9pQmjr9C_DY-unsplash.jpg?fit=1200%2C801&ssl=1&resize=700%2C400 2x, https:\/\/i0.wp.com\/enoughgenug.org\/wp-content\/uploads\/2025\/12\/wanman-uthmaniyyah-9pQmjr9C_DY-unsplash.jpg?fit=1200%2C801&ssl=1&resize=1050%2C600 3x"},"classes":[]},{"id":4773,"url":"https:\/\/enoughgenug.org\/de\/2025\/05\/19\/caring-economy-jetzt\/","url_meta":{"origin":3505,"position":2},"title":"Caring economy.Jetzt!","author":"mail802","date":"19. Mai 2025","format":false,"excerpt":"Wir stellen F\u00fcrsorge, Pflege & Bildung in den Wirtschaftsfokus. Wir stellen Caring so lange vor den Begriff Wirtschaft, bis klar wird: Wir brauchen eine Wirtschaft f\u00fcr die Menschen \u2013 nicht Menschen f\u00fcr die Wirtschaft. Geht\u2019s den Menschen gut, geht\u2019s der Wirtschaft gut \u2013 nicht umgekehrt. https:\/\/www.caringeconomy.jetzt Wir sind bei GENUG!CUKUP!\u2026","rel":"","context":"In &quot;Sister Projects&quot;","block_context":{"text":"Sister Projects","link":"https:\/\/enoughgenug.org\/de\/kategorie\/sister-projects\/"},"img":{"alt_text":"","src":"https:\/\/i0.wp.com\/enoughgenug.org\/wp-content\/uploads\/2025\/09\/SM-Caring-Economy-1to1.jpg?fit=1080%2C1080&ssl=1&resize=350%2C200","width":350,"height":200,"srcset":"https:\/\/i0.wp.com\/enoughgenug.org\/wp-content\/uploads\/2025\/09\/SM-Caring-Economy-1to1.jpg?fit=1080%2C1080&ssl=1&resize=350%2C200 1x, https:\/\/i0.wp.com\/enoughgenug.org\/wp-content\/uploads\/2025\/09\/SM-Caring-Economy-1to1.jpg?fit=1080%2C1080&ssl=1&resize=525%2C300 1.5x, https:\/\/i0.wp.com\/enoughgenug.org\/wp-content\/uploads\/2025\/09\/SM-Caring-Economy-1to1.jpg?fit=1080%2C1080&ssl=1&resize=700%2C400 2x, https:\/\/i0.wp.com\/enoughgenug.org\/wp-content\/uploads\/2025\/09\/SM-Caring-Economy-1to1.jpg?fit=1080%2C1080&ssl=1&resize=1050%2C600 3x"},"classes":[]},{"id":2964,"url":"https:\/\/enoughgenug.org\/de\/2025\/07\/25\/maenner-was-ihr-beitragen-koennt\/","url_meta":{"origin":3505,"position":3},"title":"M\u00e4nner* \u2013 was ihr beitragen k\u00f6nnt!","author":"Anja Nolte","date":"25. Juli 2025","format":false,"excerpt":"Gute Nachrichten! Viele M\u00e4nner fragen spontan, wie sie den INTERNATIONALEN FRAUEN*GENERALSTREIK am 9. M\u00e4rz 2026 unterst\u00fctzen k\u00f6nnen. Es gibt daf\u00fcr historische Vorbilder, etwa bei Streiks im 19. und 20. Jahrhundert, als \u00fcberf\u00e4llige Lohnforderungen von Frauen in Pflegeberufen und der Textil-, Tabak- und Lebensmittelindustrie unterst\u00fctzt wurden. Doch dieses Mal geht es\u2026","rel":"","context":"In &quot;M\u00e4nner*&quot;","block_context":{"text":"M\u00e4nner*","link":"https:\/\/enoughgenug.org\/de\/kategorie\/maenner\/"},"img":{"alt_text":"","src":"https:\/\/i0.wp.com\/enoughgenug.org\/wp-content\/uploads\/2025\/07\/samantha-sophia-r1OQfUIw3ns-unsplash-scaled.jpg?fit=1200%2C800&ssl=1&resize=350%2C200","width":350,"height":200,"srcset":"https:\/\/i0.wp.com\/enoughgenug.org\/wp-content\/uploads\/2025\/07\/samantha-sophia-r1OQfUIw3ns-unsplash-scaled.jpg?fit=1200%2C800&ssl=1&resize=350%2C200 1x, https:\/\/i0.wp.com\/enoughgenug.org\/wp-content\/uploads\/2025\/07\/samantha-sophia-r1OQfUIw3ns-unsplash-scaled.jpg?fit=1200%2C800&ssl=1&resize=525%2C300 1.5x, https:\/\/i0.wp.com\/enoughgenug.org\/wp-content\/uploads\/2025\/07\/samantha-sophia-r1OQfUIw3ns-unsplash-scaled.jpg?fit=1200%2C800&ssl=1&resize=700%2C400 2x, https:\/\/i0.wp.com\/enoughgenug.org\/wp-content\/uploads\/2025\/07\/samantha-sophia-r1OQfUIw3ns-unsplash-scaled.jpg?fit=1200%2C800&ssl=1&resize=1050%2C600 3x"},"classes":[]},{"id":3580,"url":"https:\/\/enoughgenug.org\/de\/2025\/12\/08\/maenner-bw-unterstuetzt-den-globalen-frauenstreik-09-03-26-enoughgenug-org\/","url_meta":{"origin":3505,"position":4},"title":"m\u00e4nner.bw unterst\u00fctzt den Globalen Frauen*streik 09.03.26 enoughgenug.org","author":"kayabeh","date":"8. Dezember 2025","format":false,"excerpt":"\u201eDer Frauen*streik macht sichtbar, was uns alle angeht: Auch in Baden-W\u00fcrttemberg tragen Frauen den Gro\u00dfteil der unbezahlten Sorgearbeit \u2013 auf Kosten ihrer \u00f6konomischen Unabh\u00e4ngigkeit und gesellschaftlichen Teilhabe.\u00a0m\u00e4nner.bw\u00a0ist solidarisch mit dem Streik und setzt sich daf\u00fcr ein, dass M\u00e4nner und V\u00e4ter sich aktiv in Familie, Erziehung und Pflege einbringen \u2013 und\u2026","rel":"","context":"In &quot;M\u00e4nner*&quot;","block_context":{"text":"M\u00e4nner*","link":"https:\/\/enoughgenug.org\/de\/kategorie\/maenner\/"},"img":{"alt_text":"","src":"https:\/\/i0.wp.com\/enoughgenug.org\/wp-content\/uploads\/2025\/12\/Bildschirmfoto-2025-12-08-um-11.46.23-1.png?fit=1200%2C427&ssl=1&resize=350%2C200","width":350,"height":200,"srcset":"https:\/\/i0.wp.com\/enoughgenug.org\/wp-content\/uploads\/2025\/12\/Bildschirmfoto-2025-12-08-um-11.46.23-1.png?fit=1200%2C427&ssl=1&resize=350%2C200 1x, https:\/\/i0.wp.com\/enoughgenug.org\/wp-content\/uploads\/2025\/12\/Bildschirmfoto-2025-12-08-um-11.46.23-1.png?fit=1200%2C427&ssl=1&resize=525%2C300 1.5x, https:\/\/i0.wp.com\/enoughgenug.org\/wp-content\/uploads\/2025\/12\/Bildschirmfoto-2025-12-08-um-11.46.23-1.png?fit=1200%2C427&ssl=1&resize=700%2C400 2x, https:\/\/i0.wp.com\/enoughgenug.org\/wp-content\/uploads\/2025\/12\/Bildschirmfoto-2025-12-08-um-11.46.23-1.png?fit=1200%2C427&ssl=1&resize=1050%2C600 3x"},"classes":[]},{"id":2993,"url":"https:\/\/enoughgenug.org\/de\/2025\/09\/10\/die-oekonomischen-auswirkungen-eines-streikes\/","url_meta":{"origin":3505,"position":5},"title":"DIE \u00d6KONOMISCHEN AUSWIRKUNGEN EINES STREIKES","author":"mail802","date":"10. September 2025","format":false,"excerpt":"Im Januar 2025 sprach sich Alexander Schirp, Hauptgesch\u00e4ftsf\u00fchrer der Unternehmensverb\u00e4nde Berlin-Brandenburg gegen den 8. M\u00e4rz als gesetzlichen Feiertag aus. Stattdessen solle der Internationale Frauentag k\u00fcnftig stets auf einen Sonntag fallen. Begr\u00fcndung: Der \u00f6konomische Schaden dieses Feiertags belaufe sich allein in der Region auf rund 230 Millionen Euro \u2013 Geld, das\u2026","rel":"","context":"In &quot;Fakten&quot;","block_context":{"text":"Fakten","link":"https:\/\/enoughgenug.org\/de\/kategorie\/fakten\/"},"img":{"alt_text":"","src":"https:\/\/i0.wp.com\/enoughgenug.org\/wp-content\/uploads\/2025\/07\/liam-edwards-x15GAQNepcQ-unsplash_cropped-1-scaled.jpg?fit=1200%2C553&ssl=1&resize=350%2C200","width":350,"height":200,"srcset":"https:\/\/i0.wp.com\/enoughgenug.org\/wp-content\/uploads\/2025\/07\/liam-edwards-x15GAQNepcQ-unsplash_cropped-1-scaled.jpg?fit=1200%2C553&ssl=1&resize=350%2C200 1x, https:\/\/i0.wp.com\/enoughgenug.org\/wp-content\/uploads\/2025\/07\/liam-edwards-x15GAQNepcQ-unsplash_cropped-1-scaled.jpg?fit=1200%2C553&ssl=1&resize=525%2C300 1.5x, https:\/\/i0.wp.com\/enoughgenug.org\/wp-content\/uploads\/2025\/07\/liam-edwards-x15GAQNepcQ-unsplash_cropped-1-scaled.jpg?fit=1200%2C553&ssl=1&resize=700%2C400 2x, https:\/\/i0.wp.com\/enoughgenug.org\/wp-content\/uploads\/2025\/07\/liam-edwards-x15GAQNepcQ-unsplash_cropped-1-scaled.jpg?fit=1200%2C553&ssl=1&resize=1050%2C600 3x"},"classes":[]}],"_links":{"self":[{"href":"https:\/\/enoughgenug.org\/de\/wp-json\/wp\/v2\/posts\/3505","targetHints":{"allow":["GET"]}}],"collection":[{"href":"https:\/\/enoughgenug.org\/de\/wp-json\/wp\/v2\/posts"}],"about":[{"href":"https:\/\/enoughgenug.org\/de\/wp-json\/wp\/v2\/types\/post"}],"author":[{"embeddable":true,"href":"https:\/\/enoughgenug.org\/de\/wp-json\/wp\/v2\/users\/267334153"}],"replies":[{"embeddable":true,"href":"https:\/\/enoughgenug.org\/de\/wp-json\/wp\/v2\/comments?post=3505"}],"version-history":[{"count":0,"href":"https:\/\/enoughgenug.org\/de\/wp-json\/wp\/v2\/posts\/3505\/revisions"}],"wp:featuredmedia":[{"embeddable":true,"href":"https:\/\/enoughgenug.org\/de\/wp-json\/wp\/v2\/media\/3509"}],"wp:attachment":[{"href":"https:\/\/enoughgenug.org\/de\/wp-json\/wp\/v2\/media?parent=3505"}],"wp:term":[{"taxonomy":"category","embeddable":true,"href":"https:\/\/enoughgenug.org\/de\/wp-json\/wp\/v2\/categories?post=3505"},{"taxonomy":"post_tag","embeddable":true,"href":"https:\/\/enoughgenug.org\/de\/wp-json\/wp\/v2\/tags?post=3505"}],"curies":[{"name":"wp","href":"https:\/\/api.w.org\/{rel}","templated":true}]}}